{"id":10734,"date":"2025-10-22T12:38:56","date_gmt":"2025-10-22T10:38:56","guid":{"rendered":"https:\/\/visualeurope.com\/?p=10734"},"modified":"2025-11-03T14:18:47","modified_gmt":"2025-11-03T13:18:47","slug":"technika-a-jo-ugyert-a-kepernyoido-csokkento-konferencian","status":"publish","type":"post","link":"https:\/\/visualeurope.com\/hu\/technika-a-jo-ugyert-a-kepernyoido-csokkento-konferencian\/","title":{"rendered":"Technika a j\u00f3 \u00fcgy\u00e9rt a K\u00e9perny\u0151id\u0151-cs\u00f6kkent\u0151 Konferenci\u00e1n"},"content":{"rendered":"\n<p>Okt\u00f3ber 22-\u00e9n a Bethesda Gyermekk\u00f3rh\u00e1z szervez\u00e9s\u00e9ben zajlott az orsz\u00e1gos K\u00e9perny\u0151id\u0151-cs\u00f6kkent\u0151 Konferencia, ahol szakemberek, pedag\u00f3gusok \u00e9s sz\u00fcl\u0151k k\u00f6z\u00f6sen kerest\u00e9k a megold\u00e1sokat a tudatosabb digit\u00e1lis \u00e9letre.<\/p>\n\n\n\n<p>A VEG sz\u00e1m\u00e1ra k\u00fcl\u00f6n\u00f6sen fontos, hogy olyan kezdem\u00e9nyez\u00e9seket t\u00e1mogasson, amelyek val\u00f3di t\u00e1rsadalmi \u00e9rt\u00e9ket teremtenek. Ez\u00e9rt a rendezv\u00e9ny teljes technikai kivitelez\u00e9s\u00e9t mi biztos\u00edtottuk, \u00e9s kreat\u00edv install\u00e1ci\u00f3inkkal is sz\u00ednes\u00edtett\u00fck a programot \u2013 olyan digit\u00e1lis \u00e9lm\u00e9nyeket hozva, amelyek nem elszigetelik, hanem \u00e9pp \u00f6sszehozz\u00e1k az embereket. <\/p>\n\n\n\n<p>Hisz\u00fcnk abban, hogy a technol\u00f3gia nemcsak eszk\u00f6z, hanem felel\u0151ss\u00e9g is. K\u00f6sz\u00f6nj\u00fck a szervez\u0151knek \u00e9s mindenkinek, aki r\u00e9szt vett!<\/p>\n\n\n\n<figure class=\"wp-block-gallery has-nested-images columns-default is-cropped wp-block-gallery-1 is-layout-flex wp-block-gallery-is-layout-flex\">\n<figure class=\"wp-block-image size-large\"><img fetchpriority=\"high\" decoding=\"async\" width=\"1200\" height=\"798\" data-id=\"10737\" src=\"https:\/\/visualeurope.com\/wp-content\/uploads\/2025\/11\/ABA_2650.jpg\" alt=\"\" class=\"wp-image-10737\"\/><\/figure>\n\n\n\n<figure class=\"wp-block-image size-large\"><img decoding=\"async\" width=\"1200\" height=\"798\" data-id=\"10739\" src=\"https:\/\/visualeurope.com\/wp-content\/uploads\/2025\/11\/ABA_2703.jpg\" alt=\"\" class=\"wp-image-10739\"\/><\/figure>\n\n\n\n<figure class=\"wp-block-image size-large\"><img decoding=\"async\" width=\"1200\" height=\"798\" data-id=\"10741\" src=\"https:\/\/visualeurope.com\/wp-content\/uploads\/2025\/11\/ABA_2123.jpg\" alt=\"\" class=\"wp-image-10741\"\/><\/figure>\n<\/figure>\n","protected":false},"excerpt":{"rendered":"<p>Ott voltunk a Bethesda Gyermekk\u00f3rh\u00e1z K\u00e9perny\u0151id\u0151-cs\u00f6kkent\u0151 Konferenci\u00e1j\u00e1n, mert a k\u00e9perny\u0151id\u0151 k\u00e9rd\u00e9se ma mindannyiunk \u00fcgye<\/p>\n","protected":false},"author":6,"featured_media":10735,"comment_status":"open","ping_status":"open","sticky":false,"template":"","format":"standard","meta":{"footnotes":""},"categories":[1],"tags":[],"helyszin":[],"orszag":[89],"ugyfel":[],"rendszerintegracio-teruletek":[],"rendezveny-teruletek":[],"rendszerintegracio-szolgaltataso":[],"rendezveny-szolgaltatasok":[],"lokacio-kategoriak":[],"rendezvenyek-rendszerintegracio":[25,23],"class_list":["post-10734","post","type-post","status-publish","format-standard","has-post-thumbnail","hentry","category-uncategorized-hu","orszag-magyarorszag","rendezvenyek-rendszerintegracio-kiemelt-hirek","rendezvenyek-rendszerintegracio-rendezvenyek"],"_links":{"self":[{"href":"https:\/\/visualeurope.com\/hu\/wp-json\/wp\/v2\/posts\/10734","targetHints":{"allow":["GET"]}}],"collection":[{"href":"https:\/\/visualeurope.com\/hu\/wp-json\/wp\/v2\/posts"}],"about":[{"href":"https:\/\/visualeurope.com\/hu\/wp-json\/wp\/v2\/types\/post"}],"author":[{"embeddable":true,"href":"https:\/\/visualeurope.com\/hu\/wp-json\/wp\/v2\/users\/6"}],"replies":[{"embeddable":true,"href":"https:\/\/visualeurope.com\/hu\/wp-json\/wp\/v2\/comments?post=10734"}],"version-history":[{"count":1,"href":"https:\/\/visualeurope.com\/hu\/wp-json\/wp\/v2\/posts\/10734\/revisions"}],"predecessor-version":[{"id":10743,"href":"https:\/\/visualeurope.com\/hu\/wp-json\/wp\/v2\/posts\/10734\/revisions\/10743"}],"wp:featuredmedia":[{"embeddable":true,"href":"https:\/\/visualeurope.com\/hu\/wp-json\/wp\/v2\/media\/10735"}],"wp:attachment":[{"href":"https:\/\/visualeurope.com\/hu\/wp-json\/wp\/v2\/media?parent=10734"}],"wp:term":[{"taxonomy":"category","embeddable":true,"href":"https:\/\/visualeurope.com\/hu\/wp-json\/wp\/v2\/categories?post=10734"},{"taxonomy":"post_tag","embeddable":true,"href":"https:\/\/visualeurope.com\/hu\/wp-json\/wp\/v2\/tags?post=10734"},{"taxonomy":"helyszin","embeddable":true,"href":"https:\/\/visualeurope.com\/hu\/wp-json\/wp\/v2\/helyszin?post=10734"},{"taxonomy":"orszag","embeddable":true,"href":"https:\/\/visualeurope.com\/hu\/wp-json\/wp\/v2\/orszag?post=10734"},{"taxonomy":"ugyfel","embeddable":true,"href":"https:\/\/visualeurope.com\/hu\/wp-json\/wp\/v2\/ugyfel?post=10734"},{"taxonomy":"rendszerintegracio-teruletek","embeddable":true,"href":"https:\/\/visualeurope.com\/hu\/wp-json\/wp\/v2\/rendszerintegracio-teruletek?post=10734"},{"taxonomy":"rendezveny-teruletek","embeddable":true,"href":"https:\/\/visualeurope.com\/hu\/wp-json\/wp\/v2\/rendezveny-teruletek?post=10734"},{"taxonomy":"rendszerintegracio-szolgaltataso","embeddable":true,"href":"https:\/\/visualeurope.com\/hu\/wp-json\/wp\/v2\/rendszerintegracio-szolgaltataso?post=10734"},{"taxonomy":"rendezveny-szolgaltatasok","embeddable":true,"href":"https:\/\/visualeurope.com\/hu\/wp-json\/wp\/v2\/rendezveny-szolgaltatasok?post=10734"},{"taxonomy":"lokacio-kategoriak","embeddable":true,"href":"https:\/\/visualeurope.com\/hu\/wp-json\/wp\/v2\/lokacio-kategoriak?post=10734"},{"taxonomy":"rendezvenyek-rendszerintegracio","embeddable":true,"href":"https:\/\/visualeurope.com\/hu\/wp-json\/wp\/v2\/rendezvenyek-rendszerintegracio?post=10734"}],"curies":[{"name":"wp","href":"https:\/\/api.w.org\/{rel}","templated":true}]}}